{"id":1940,"date":"2015-09-25T13:40:17","date_gmt":"2015-09-25T12:40:17","guid":{"rendered":"http:\/\/www.alpcamp.eu\/de\/?p=1940"},"modified":"2016-03-11T13:47:29","modified_gmt":"2016-03-11T12:47:29","slug":"we-staan-op-beurs","status":"publish","type":"post","link":"https:\/\/www.alpcamp.eu\/de\/we-staan-op-beurs\/","title":{"rendered":"Wir stehen auf der Messe!"},"content":{"rendered":"<div class=\"gdl-slider-title gdl-title\">Die Second Home International ist die Messe wo man sich orientiert auf ein zweites Heim oder Ferienwohnung im\u00a0 In- und Ausland. 12Camp pr\u00e4sentiert auf diese Messe als Erstauff\u00fchrung der <strong>Element<\/strong>. Eine einmalige und zahlbare Alternative f\u00fcr ein Chalet oder zweites Heim. Geeignet f\u00fcr alle Jahreszeiten, also f\u00fcr Sommer- als Winterurlaub. Der Element ist speziell entworfen f\u00fcr Alpenl\u00e4nder, aber es kann auch in anderen L\u00e4ndern und \/ oder anderen Standorten von Ihrem Vorzug aufgebaut werden. Au\u03b2erdem besteht die M\u00f6glichkeit um den Element bei uns in der Vermietung zu geben um so einen verlockenden Nutzeffekt zu erzielen. Kommen Sie zu der Second Home Messe! Sie finden uns am Stand 516.<\/div>\n<div class=\"gdl-slider-title gdl-title\"><\/div>\n<div class=\"gdl-slider-title gdl-title\"><\/div>\n<div class=\"gdl-slider-title gdl-title\"><\/div>\n<div class=\"gdl-slider-title gdl-title\">&#8230;&#8230;&#8230;&#8230;&#8230;&#8230;&#8230;&#8230;&#8230;&#8230;&#8230;&#8230;&#8230;&#8230;&#8230;&#8230;&#8230;&#8230;&#8230;&#8230;<\/div>\n<div class=\"gdl-slider-title gdl-title\"><a href=\"http:\/\/www.secondhome.nl\/ticket\/vregistration.php?template=alpcamp&amp;language=nl\" target=\"_blank\"><img loading=\"lazy\" decoding=\"async\" class=\"alignnone size-medium wp-image-582\" src=\"http:\/\/www.alpcamp.eu\/wp-content\/uploads\/2015\/09\/Banner-square-Second-Home-beurs-336-280-EN-1-300x250.jpg\" alt=\"Banner-square-Second Home beurs-336-280-EN-1\" width=\"300\" height=\"250\" srcset=\"https:\/\/www.alpcamp.eu\/wp-content\/uploads\/2015\/09\/Banner-square-Second-Home-beurs-336-280-EN-1-300x250.jpg 300w, https:\/\/www.alpcamp.eu\/wp-content\/uploads\/2015\/09\/Banner-square-Second-Home-beurs-336-280-EN-1.jpg 336w\" sizes=\"auto, (max-width: 300px) 100vw, 300px\" \/><\/a><\/div>\n<div class=\"gdl-slider-title gdl-title\"><\/div>\n<p>&nbsp;<\/p>\n","protected":false},"excerpt":{"rendered":"<p>Die Second Home International ist die Messe wo man sich orientiert auf ein zweites Heim oder Ferienwohnung im\u00a0 In- und&#8230;<\/p>\n","protected":false},"author":2,"featured_media":582,"comment_status":"closed","ping_status":"closed","sticky":false,"template":"","format":"standard","meta":{"footnotes":""},"categories":[11],"tags":[],"class_list":["post-1940","post","type-post","status-publish","format-standard","has-post-thumbnail","hentry","category-aktuelles"],"yoast_head":"<!-- This site is optimized with the Yoast SEO plugin v27.3 - https:\/\/yoast.com\/product\/yoast-seo-wordpress\/ -->\n<title>Wir stehen auf der Messe! - AlpCamp<\/title>\n<meta name=\"robots\" content=\"index, follow, max-snippet:-1, max-image-preview:large, max-video-preview:-1\" \/>\n<link rel=\"canonical\" href=\"https:\/\/www.alpcamp.eu\/de\/we-staan-op-beurs\/\" \/>\n<meta property=\"og:locale\" content=\"de_DE\" \/>\n<meta property=\"og:type\" content=\"article\" \/>\n<meta property=\"og:title\" content=\"Wir stehen auf der Messe! - AlpCamp\" \/>\n<meta property=\"og:description\" content=\"Die Second Home International ist die Messe wo man sich orientiert auf ein zweites Heim oder Ferienwohnung im\u00a0 In- und...\" \/>\n<meta property=\"og:url\" content=\"https:\/\/www.alpcamp.eu\/de\/we-staan-op-beurs\/\" \/>\n<meta property=\"og:site_name\" content=\"AlpCamp\" \/>\n<meta property=\"article:publisher\" content=\"https:\/\/www.facebook.com\/Alpcamp.eu\/\" \/>\n<meta property=\"article:published_time\" content=\"2015-09-25T12:40:17+00:00\" \/>\n<meta property=\"article:modified_time\" content=\"2016-03-11T12:47:29+00:00\" \/>\n<meta property=\"og:image\" content=\"https:\/\/www.alpcamp.eu\/wp-content\/uploads\/2015\/09\/Banner-square-Second-Home-beurs-336-280-EN-1.jpg\" \/>\n\t<meta property=\"og:image:width\" content=\"336\" \/>\n\t<meta property=\"og:image:height\" content=\"280\" \/>\n\t<meta property=\"og:image:type\" content=\"image\/jpeg\" \/>\n<meta name=\"author\" content=\"Theo van Rossum\" \/>\n<meta name=\"twitter:card\" content=\"summary_large_image\" \/>\n<meta name=\"twitter:label1\" content=\"Verfasst von\" \/>\n\t<meta name=\"twitter:data1\" content=\"Theo van Rossum\" \/>\n\t<meta name=\"twitter:label2\" content=\"Gesch\u00e4tzte Lesezeit\" \/>\n\t<meta name=\"twitter:data2\" content=\"1\u00a0Minute\" \/>\n<script type=\"application\/ld+json\" class=\"yoast-schema-graph\">{\"@context\":\"https:\\\/\\\/schema.org\",\"@graph\":[{\"@type\":\"Article\",\"@id\":\"https:\\\/\\\/www.alpcamp.eu\\\/de\\\/we-staan-op-beurs\\\/#article\",\"isPartOf\":{\"@id\":\"https:\\\/\\\/www.alpcamp.eu\\\/de\\\/we-staan-op-beurs\\\/\"},\"author\":{\"name\":\"Theo van Rossum\",\"@id\":\"https:\\\/\\\/www.alpcamp.eu\\\/#\\\/schema\\\/person\\\/64835da4e8bf8a5221ad5fd33fd51c29\"},\"headline\":\"Wir stehen auf der Messe!\",\"datePublished\":\"2015-09-25T12:40:17+00:00\",\"dateModified\":\"2016-03-11T12:47:29+00:00\",\"mainEntityOfPage\":{\"@id\":\"https:\\\/\\\/www.alpcamp.eu\\\/de\\\/we-staan-op-beurs\\\/\"},\"wordCount\":122,\"publisher\":{\"@id\":\"https:\\\/\\\/www.alpcamp.eu\\\/#organization\"},\"image\":{\"@id\":\"https:\\\/\\\/www.alpcamp.eu\\\/de\\\/we-staan-op-beurs\\\/#primaryimage\"},\"thumbnailUrl\":\"https:\\\/\\\/www.alpcamp.eu\\\/wp-content\\\/uploads\\\/2015\\\/09\\\/Banner-square-Second-Home-beurs-336-280-EN-1.jpg\",\"articleSection\":[\"Aktuelles\"],\"inLanguage\":\"de\"},{\"@type\":\"WebPage\",\"@id\":\"https:\\\/\\\/www.alpcamp.eu\\\/de\\\/we-staan-op-beurs\\\/\",\"url\":\"https:\\\/\\\/www.alpcamp.eu\\\/de\\\/we-staan-op-beurs\\\/\",\"name\":\"Wir stehen auf der Messe! - AlpCamp\",\"isPartOf\":{\"@id\":\"https:\\\/\\\/www.alpcamp.eu\\\/#website\"},\"primaryImageOfPage\":{\"@id\":\"https:\\\/\\\/www.alpcamp.eu\\\/de\\\/we-staan-op-beurs\\\/#primaryimage\"},\"image\":{\"@id\":\"https:\\\/\\\/www.alpcamp.eu\\\/de\\\/we-staan-op-beurs\\\/#primaryimage\"},\"thumbnailUrl\":\"https:\\\/\\\/www.alpcamp.eu\\\/wp-content\\\/uploads\\\/2015\\\/09\\\/Banner-square-Second-Home-beurs-336-280-EN-1.jpg\",\"datePublished\":\"2015-09-25T12:40:17+00:00\",\"dateModified\":\"2016-03-11T12:47:29+00:00\",\"breadcrumb\":{\"@id\":\"https:\\\/\\\/www.alpcamp.eu\\\/de\\\/we-staan-op-beurs\\\/#breadcrumb\"},\"inLanguage\":\"de\",\"potentialAction\":[{\"@type\":\"ReadAction\",\"target\":[\"https:\\\/\\\/www.alpcamp.eu\\\/de\\\/we-staan-op-beurs\\\/\"]}]},{\"@type\":\"ImageObject\",\"inLanguage\":\"de\",\"@id\":\"https:\\\/\\\/www.alpcamp.eu\\\/de\\\/we-staan-op-beurs\\\/#primaryimage\",\"url\":\"https:\\\/\\\/www.alpcamp.eu\\\/wp-content\\\/uploads\\\/2015\\\/09\\\/Banner-square-Second-Home-beurs-336-280-EN-1.jpg\",\"contentUrl\":\"https:\\\/\\\/www.alpcamp.eu\\\/wp-content\\\/uploads\\\/2015\\\/09\\\/Banner-square-Second-Home-beurs-336-280-EN-1.jpg\",\"width\":336,\"height\":280},{\"@type\":\"BreadcrumbList\",\"@id\":\"https:\\\/\\\/www.alpcamp.eu\\\/de\\\/we-staan-op-beurs\\\/#breadcrumb\",\"itemListElement\":[{\"@type\":\"ListItem\",\"position\":1,\"name\":\"Home\",\"item\":\"https:\\\/\\\/www.alpcamp.eu\\\/de\\\/\"},{\"@type\":\"ListItem\",\"position\":2,\"name\":\"Wir stehen auf der Messe!\"}]},{\"@type\":\"WebSite\",\"@id\":\"https:\\\/\\\/www.alpcamp.eu\\\/#website\",\"url\":\"https:\\\/\\\/www.alpcamp.eu\\\/\",\"name\":\"AlpCamp\",\"description\":\"\",\"publisher\":{\"@id\":\"https:\\\/\\\/www.alpcamp.eu\\\/#organization\"},\"potentialAction\":[{\"@type\":\"SearchAction\",\"target\":{\"@type\":\"EntryPoint\",\"urlTemplate\":\"https:\\\/\\\/www.alpcamp.eu\\\/?s={search_term_string}\"},\"query-input\":{\"@type\":\"PropertyValueSpecification\",\"valueRequired\":true,\"valueName\":\"search_term_string\"}}],\"inLanguage\":\"de\"},{\"@type\":\"Organization\",\"@id\":\"https:\\\/\\\/www.alpcamp.eu\\\/#organization\",\"name\":\"12Camp BV\",\"url\":\"https:\\\/\\\/www.alpcamp.eu\\\/\",\"logo\":{\"@type\":\"ImageObject\",\"inLanguage\":\"de\",\"@id\":\"https:\\\/\\\/www.alpcamp.eu\\\/#\\\/schema\\\/logo\\\/image\\\/\",\"url\":\"https:\\\/\\\/www.alpcamp.eu\\\/wp-content\\\/uploads\\\/2015\\\/08\\\/logo-12Campv2.1-01.png\",\"contentUrl\":\"https:\\\/\\\/www.alpcamp.eu\\\/wp-content\\\/uploads\\\/2015\\\/08\\\/logo-12Campv2.1-01.png\",\"width\":953,\"height\":337,\"caption\":\"12Camp BV\"},\"image\":{\"@id\":\"https:\\\/\\\/www.alpcamp.eu\\\/#\\\/schema\\\/logo\\\/image\\\/\"},\"sameAs\":[\"https:\\\/\\\/www.facebook.com\\\/Alpcamp.eu\\\/\"]},{\"@type\":\"Person\",\"@id\":\"https:\\\/\\\/www.alpcamp.eu\\\/#\\\/schema\\\/person\\\/64835da4e8bf8a5221ad5fd33fd51c29\",\"name\":\"Theo van Rossum\",\"image\":{\"@type\":\"ImageObject\",\"inLanguage\":\"de\",\"@id\":\"https:\\\/\\\/secure.gravatar.com\\\/avatar\\\/8680f3f0ad814346609d0e6e2f2cd311a6a2e8763c211183eddf19508220d605?s=96&d=mm&r=g\",\"url\":\"https:\\\/\\\/secure.gravatar.com\\\/avatar\\\/8680f3f0ad814346609d0e6e2f2cd311a6a2e8763c211183eddf19508220d605?s=96&d=mm&r=g\",\"contentUrl\":\"https:\\\/\\\/secure.gravatar.com\\\/avatar\\\/8680f3f0ad814346609d0e6e2f2cd311a6a2e8763c211183eddf19508220d605?s=96&d=mm&r=g\",\"caption\":\"Theo van Rossum\"},\"url\":\"https:\\\/\\\/www.alpcamp.eu\\\/de\\\/author\\\/alpcamp\\\/\"}]}<\/script>\n<!-- \/ Yoast SEO plugin. -->","yoast_head_json":{"title":"Wir stehen auf der Messe! - AlpCamp","robots":{"index":"index","follow":"follow","max-snippet":"max-snippet:-1","max-image-preview":"max-image-preview:large","max-video-preview":"max-video-preview:-1"},"canonical":"https:\/\/www.alpcamp.eu\/de\/we-staan-op-beurs\/","og_locale":"de_DE","og_type":"article","og_title":"Wir stehen auf der Messe! - AlpCamp","og_description":"Die Second Home International ist die Messe wo man sich orientiert auf ein zweites Heim oder Ferienwohnung im\u00a0 In- und...","og_url":"https:\/\/www.alpcamp.eu\/de\/we-staan-op-beurs\/","og_site_name":"AlpCamp","article_publisher":"https:\/\/www.facebook.com\/Alpcamp.eu\/","article_published_time":"2015-09-25T12:40:17+00:00","article_modified_time":"2016-03-11T12:47:29+00:00","og_image":[{"width":336,"height":280,"url":"https:\/\/www.alpcamp.eu\/wp-content\/uploads\/2015\/09\/Banner-square-Second-Home-beurs-336-280-EN-1.jpg","type":"image\/jpeg"}],"author":"Theo van Rossum","twitter_card":"summary_large_image","twitter_misc":{"Verfasst von":"Theo van Rossum","Gesch\u00e4tzte Lesezeit":"1\u00a0Minute"},"schema":{"@context":"https:\/\/schema.org","@graph":[{"@type":"Article","@id":"https:\/\/www.alpcamp.eu\/de\/we-staan-op-beurs\/#article","isPartOf":{"@id":"https:\/\/www.alpcamp.eu\/de\/we-staan-op-beurs\/"},"author":{"name":"Theo van Rossum","@id":"https:\/\/www.alpcamp.eu\/#\/schema\/person\/64835da4e8bf8a5221ad5fd33fd51c29"},"headline":"Wir stehen auf der Messe!","datePublished":"2015-09-25T12:40:17+00:00","dateModified":"2016-03-11T12:47:29+00:00","mainEntityOfPage":{"@id":"https:\/\/www.alpcamp.eu\/de\/we-staan-op-beurs\/"},"wordCount":122,"publisher":{"@id":"https:\/\/www.alpcamp.eu\/#organization"},"image":{"@id":"https:\/\/www.alpcamp.eu\/de\/we-staan-op-beurs\/#primaryimage"},"thumbnailUrl":"https:\/\/www.alpcamp.eu\/wp-content\/uploads\/2015\/09\/Banner-square-Second-Home-beurs-336-280-EN-1.jpg","articleSection":["Aktuelles"],"inLanguage":"de"},{"@type":"WebPage","@id":"https:\/\/www.alpcamp.eu\/de\/we-staan-op-beurs\/","url":"https:\/\/www.alpcamp.eu\/de\/we-staan-op-beurs\/","name":"Wir stehen auf der Messe! - AlpCamp","isPartOf":{"@id":"https:\/\/www.alpcamp.eu\/#website"},"primaryImageOfPage":{"@id":"https:\/\/www.alpcamp.eu\/de\/we-staan-op-beurs\/#primaryimage"},"image":{"@id":"https:\/\/www.alpcamp.eu\/de\/we-staan-op-beurs\/#primaryimage"},"thumbnailUrl":"https:\/\/www.alpcamp.eu\/wp-content\/uploads\/2015\/09\/Banner-square-Second-Home-beurs-336-280-EN-1.jpg","datePublished":"2015-09-25T12:40:17+00:00","dateModified":"2016-03-11T12:47:29+00:00","breadcrumb":{"@id":"https:\/\/www.alpcamp.eu\/de\/we-staan-op-beurs\/#breadcrumb"},"inLanguage":"de","potentialAction":[{"@type":"ReadAction","target":["https:\/\/www.alpcamp.eu\/de\/we-staan-op-beurs\/"]}]},{"@type":"ImageObject","inLanguage":"de","@id":"https:\/\/www.alpcamp.eu\/de\/we-staan-op-beurs\/#primaryimage","url":"https:\/\/www.alpcamp.eu\/wp-content\/uploads\/2015\/09\/Banner-square-Second-Home-beurs-336-280-EN-1.jpg","contentUrl":"https:\/\/www.alpcamp.eu\/wp-content\/uploads\/2015\/09\/Banner-square-Second-Home-beurs-336-280-EN-1.jpg","width":336,"height":280},{"@type":"BreadcrumbList","@id":"https:\/\/www.alpcamp.eu\/de\/we-staan-op-beurs\/#breadcrumb","itemListElement":[{"@type":"ListItem","position":1,"name":"Home","item":"https:\/\/www.alpcamp.eu\/de\/"},{"@type":"ListItem","position":2,"name":"Wir stehen auf der Messe!"}]},{"@type":"WebSite","@id":"https:\/\/www.alpcamp.eu\/#website","url":"https:\/\/www.alpcamp.eu\/","name":"AlpCamp","description":"","publisher":{"@id":"https:\/\/www.alpcamp.eu\/#organization"},"potentialAction":[{"@type":"SearchAction","target":{"@type":"EntryPoint","urlTemplate":"https:\/\/www.alpcamp.eu\/?s={search_term_string}"},"query-input":{"@type":"PropertyValueSpecification","valueRequired":true,"valueName":"search_term_string"}}],"inLanguage":"de"},{"@type":"Organization","@id":"https:\/\/www.alpcamp.eu\/#organization","name":"12Camp BV","url":"https:\/\/www.alpcamp.eu\/","logo":{"@type":"ImageObject","inLanguage":"de","@id":"https:\/\/www.alpcamp.eu\/#\/schema\/logo\/image\/","url":"https:\/\/www.alpcamp.eu\/wp-content\/uploads\/2015\/08\/logo-12Campv2.1-01.png","contentUrl":"https:\/\/www.alpcamp.eu\/wp-content\/uploads\/2015\/08\/logo-12Campv2.1-01.png","width":953,"height":337,"caption":"12Camp BV"},"image":{"@id":"https:\/\/www.alpcamp.eu\/#\/schema\/logo\/image\/"},"sameAs":["https:\/\/www.facebook.com\/Alpcamp.eu\/"]},{"@type":"Person","@id":"https:\/\/www.alpcamp.eu\/#\/schema\/person\/64835da4e8bf8a5221ad5fd33fd51c29","name":"Theo van Rossum","image":{"@type":"ImageObject","inLanguage":"de","@id":"https:\/\/secure.gravatar.com\/avatar\/8680f3f0ad814346609d0e6e2f2cd311a6a2e8763c211183eddf19508220d605?s=96&d=mm&r=g","url":"https:\/\/secure.gravatar.com\/avatar\/8680f3f0ad814346609d0e6e2f2cd311a6a2e8763c211183eddf19508220d605?s=96&d=mm&r=g","contentUrl":"https:\/\/secure.gravatar.com\/avatar\/8680f3f0ad814346609d0e6e2f2cd311a6a2e8763c211183eddf19508220d605?s=96&d=mm&r=g","caption":"Theo van Rossum"},"url":"https:\/\/www.alpcamp.eu\/de\/author\/alpcamp\/"}]}},"_links":{"self":[{"href":"https:\/\/www.alpcamp.eu\/de\/wp-json\/wp\/v2\/posts\/1940","targetHints":{"allow":["GET"]}}],"collection":[{"href":"https:\/\/www.alpcamp.eu\/de\/wp-json\/wp\/v2\/posts"}],"about":[{"href":"https:\/\/www.alpcamp.eu\/de\/wp-json\/wp\/v2\/types\/post"}],"author":[{"embeddable":true,"href":"https:\/\/www.alpcamp.eu\/de\/wp-json\/wp\/v2\/users\/2"}],"replies":[{"embeddable":true,"href":"https:\/\/www.alpcamp.eu\/de\/wp-json\/wp\/v2\/comments?post=1940"}],"version-history":[{"count":3,"href":"https:\/\/www.alpcamp.eu\/de\/wp-json\/wp\/v2\/posts\/1940\/revisions"}],"predecessor-version":[{"id":1943,"href":"https:\/\/www.alpcamp.eu\/de\/wp-json\/wp\/v2\/posts\/1940\/revisions\/1943"}],"wp:featuredmedia":[{"embeddable":true,"href":"https:\/\/www.alpcamp.eu\/de\/wp-json\/wp\/v2\/media\/582"}],"wp:attachment":[{"href":"https:\/\/www.alpcamp.eu\/de\/wp-json\/wp\/v2\/media?parent=1940"}],"wp:term":[{"taxonomy":"category","embeddable":true,"href":"https:\/\/www.alpcamp.eu\/de\/wp-json\/wp\/v2\/categories?post=1940"},{"taxonomy":"post_tag","embeddable":true,"href":"https:\/\/www.alpcamp.eu\/de\/wp-json\/wp\/v2\/tags?post=1940"}],"curies":[{"name":"wp","href":"https:\/\/api.w.org\/{rel}","templated":true}]}}