{"id":1955,"date":"2016-03-14T14:35:41","date_gmt":"2016-03-14T13:35:41","guid":{"rendered":"http:\/\/www.alpcamp.eu\/de\/?p=1955"},"modified":"2016-03-14T14:51:44","modified_gmt":"2016-03-14T13:51:44","slug":"wohnung-eu-arbeitsmigranten","status":"publish","type":"post","link":"https:\/\/www.alpcamp.eu\/de\/wohnung-eu-arbeitsmigranten\/","title":{"rendered":"Wohnung EU- Arbeitsmigranten"},"content":{"rendered":"<p>In\u00a0 den Niederlanden verbleiben momentan etwa 400.000 Arbeitsmigranten aus Ost-, Mitte- und S\u00fcd Europa. \u00d6fters leben diese Arbeitnehmer in schlechten Umst\u00e4nde. Das Programm \u201cFlexwohnen f\u00fcr Arbeitsmigranten\u201dder Niederl\u00e4ndischen staatlichen Beh\u00f6rden hat als Ziel das provisorische Obdach von EU-Arbeitnehmern zu verbessern. Das \u201cExpertisezentrum Flexwohnen f\u00fcr Arbeitsmigranten\u201d is ein Teil dieses Programms. Dieses Expertisezentrum ist Gemeinde, Wohnungsamte und Arbeitgeber behilflich das Angebot von Flex-Wohnungen zu vergr\u00f6\u00dfern. Auch \u2018der Element\u2019 von 12Camp GmbH wird hier erw\u00e4hnt als m\u00f6gliche L\u00f6sung. Auch f\u00fcr Deutschen Beh\u00f6rden k\u00f6nnte &#8218;der Element&#8216; eine gute L\u00f6sung sein in F\u00e4lle wo zeitliche oder semi-permanente Wohnungen f\u00fcr entweder Fl\u00fcchtlinge oder Arbeitmigranten notwendig sind oder gefordert werden.\u00a0<a href=\"http:\/\/www.unitbank.nl\">http:\/\/www.unitbank.nl<\/a><\/p>\n","protected":false},"excerpt":{"rendered":"<p>In\u00a0 den Niederlanden verbleiben momentan etwa 400.000 Arbeitsmigranten aus Ost-, Mitte- und S\u00fcd Europa. \u00d6fters leben diese Arbeitnehmer in schlechten&#8230;<\/p>\n","protected":false},"author":2,"featured_media":1951,"comment_status":"open","ping_status":"open","sticky":false,"template":"","format":"standard","meta":{"footnotes":""},"categories":[11],"tags":[],"class_list":["post-1955","post","type-post","status-publish","format-standard","has-post-thumbnail","hentry","category-aktuelles"],"yoast_head":"<!-- This site is optimized with the Yoast SEO plugin v27.3 - https:\/\/yoast.com\/product\/yoast-seo-wordpress\/ -->\n<title>Wohnung EU- Arbeitsmigranten - AlpCamp<\/title>\n<meta name=\"robots\" content=\"index, follow, max-snippet:-1, max-image-preview:large, max-video-preview:-1\" \/>\n<link rel=\"canonical\" href=\"https:\/\/www.alpcamp.eu\/de\/wohnung-eu-arbeitsmigranten\/\" \/>\n<meta property=\"og:locale\" content=\"de_DE\" \/>\n<meta property=\"og:type\" content=\"article\" \/>\n<meta property=\"og:title\" content=\"Wohnung EU- Arbeitsmigranten - AlpCamp\" \/>\n<meta property=\"og:description\" content=\"In\u00a0 den Niederlanden verbleiben momentan etwa 400.000 Arbeitsmigranten aus Ost-, Mitte- und S\u00fcd Europa. \u00d6fters leben diese Arbeitnehmer in schlechten...\" \/>\n<meta property=\"og:url\" content=\"https:\/\/www.alpcamp.eu\/de\/wohnung-eu-arbeitsmigranten\/\" \/>\n<meta property=\"og:site_name\" content=\"AlpCamp\" \/>\n<meta property=\"article:publisher\" content=\"https:\/\/www.facebook.com\/Alpcamp.eu\/\" \/>\n<meta property=\"article:published_time\" content=\"2016-03-14T13:35:41+00:00\" \/>\n<meta property=\"article:modified_time\" content=\"2016-03-14T13:51:44+00:00\" \/>\n<meta property=\"og:image\" content=\"https:\/\/www.alpcamp.eu\/wp-content\/uploads\/2016\/03\/Logo-Flexwonen-Arbeidmigranten.jpg\" \/>\n\t<meta property=\"og:image:width\" content=\"342\" \/>\n\t<meta property=\"og:image:height\" content=\"147\" \/>\n\t<meta property=\"og:image:type\" content=\"image\/jpeg\" \/>\n<meta name=\"author\" content=\"Theo van Rossum\" \/>\n<meta name=\"twitter:card\" content=\"summary_large_image\" \/>\n<meta name=\"twitter:label1\" content=\"Verfasst von\" \/>\n\t<meta name=\"twitter:data1\" content=\"Theo van Rossum\" \/>\n\t<meta name=\"twitter:label2\" content=\"Gesch\u00e4tzte Lesezeit\" \/>\n\t<meta name=\"twitter:data2\" content=\"1\u00a0Minute\" \/>\n<script type=\"application\/ld+json\" class=\"yoast-schema-graph\">{\"@context\":\"https:\\\/\\\/schema.org\",\"@graph\":[{\"@type\":\"Article\",\"@id\":\"https:\\\/\\\/www.alpcamp.eu\\\/de\\\/wohnung-eu-arbeitsmigranten\\\/#article\",\"isPartOf\":{\"@id\":\"https:\\\/\\\/www.alpcamp.eu\\\/de\\\/wohnung-eu-arbeitsmigranten\\\/\"},\"author\":{\"name\":\"Theo van Rossum\",\"@id\":\"https:\\\/\\\/www.alpcamp.eu\\\/#\\\/schema\\\/person\\\/64835da4e8bf8a5221ad5fd33fd51c29\"},\"headline\":\"Wohnung EU- Arbeitsmigranten\",\"datePublished\":\"2016-03-14T13:35:41+00:00\",\"dateModified\":\"2016-03-14T13:51:44+00:00\",\"mainEntityOfPage\":{\"@id\":\"https:\\\/\\\/www.alpcamp.eu\\\/de\\\/wohnung-eu-arbeitsmigranten\\\/\"},\"wordCount\":127,\"commentCount\":0,\"publisher\":{\"@id\":\"https:\\\/\\\/www.alpcamp.eu\\\/#organization\"},\"image\":{\"@id\":\"https:\\\/\\\/www.alpcamp.eu\\\/de\\\/wohnung-eu-arbeitsmigranten\\\/#primaryimage\"},\"thumbnailUrl\":\"https:\\\/\\\/www.alpcamp.eu\\\/wp-content\\\/uploads\\\/2016\\\/03\\\/Logo-Flexwonen-Arbeidmigranten.jpg\",\"articleSection\":[\"Aktuelles\"],\"inLanguage\":\"de\",\"potentialAction\":[{\"@type\":\"CommentAction\",\"name\":\"Comment\",\"target\":[\"https:\\\/\\\/www.alpcamp.eu\\\/de\\\/wohnung-eu-arbeitsmigranten\\\/#respond\"]}]},{\"@type\":\"WebPage\",\"@id\":\"https:\\\/\\\/www.alpcamp.eu\\\/de\\\/wohnung-eu-arbeitsmigranten\\\/\",\"url\":\"https:\\\/\\\/www.alpcamp.eu\\\/de\\\/wohnung-eu-arbeitsmigranten\\\/\",\"name\":\"Wohnung EU- Arbeitsmigranten - AlpCamp\",\"isPartOf\":{\"@id\":\"https:\\\/\\\/www.alpcamp.eu\\\/#website\"},\"primaryImageOfPage\":{\"@id\":\"https:\\\/\\\/www.alpcamp.eu\\\/de\\\/wohnung-eu-arbeitsmigranten\\\/#primaryimage\"},\"image\":{\"@id\":\"https:\\\/\\\/www.alpcamp.eu\\\/de\\\/wohnung-eu-arbeitsmigranten\\\/#primaryimage\"},\"thumbnailUrl\":\"https:\\\/\\\/www.alpcamp.eu\\\/wp-content\\\/uploads\\\/2016\\\/03\\\/Logo-Flexwonen-Arbeidmigranten.jpg\",\"datePublished\":\"2016-03-14T13:35:41+00:00\",\"dateModified\":\"2016-03-14T13:51:44+00:00\",\"breadcrumb\":{\"@id\":\"https:\\\/\\\/www.alpcamp.eu\\\/de\\\/wohnung-eu-arbeitsmigranten\\\/#breadcrumb\"},\"inLanguage\":\"de\",\"potentialAction\":[{\"@type\":\"ReadAction\",\"target\":[\"https:\\\/\\\/www.alpcamp.eu\\\/de\\\/wohnung-eu-arbeitsmigranten\\\/\"]}]},{\"@type\":\"ImageObject\",\"inLanguage\":\"de\",\"@id\":\"https:\\\/\\\/www.alpcamp.eu\\\/de\\\/wohnung-eu-arbeitsmigranten\\\/#primaryimage\",\"url\":\"https:\\\/\\\/www.alpcamp.eu\\\/wp-content\\\/uploads\\\/2016\\\/03\\\/Logo-Flexwonen-Arbeidmigranten.jpg\",\"contentUrl\":\"https:\\\/\\\/www.alpcamp.eu\\\/wp-content\\\/uploads\\\/2016\\\/03\\\/Logo-Flexwonen-Arbeidmigranten.jpg\",\"width\":342,\"height\":147},{\"@type\":\"BreadcrumbList\",\"@id\":\"https:\\\/\\\/www.alpcamp.eu\\\/de\\\/wohnung-eu-arbeitsmigranten\\\/#breadcrumb\",\"itemListElement\":[{\"@type\":\"ListItem\",\"position\":1,\"name\":\"Home\",\"item\":\"https:\\\/\\\/www.alpcamp.eu\\\/de\\\/\"},{\"@type\":\"ListItem\",\"position\":2,\"name\":\"Wohnung EU- Arbeitsmigranten\"}]},{\"@type\":\"WebSite\",\"@id\":\"https:\\\/\\\/www.alpcamp.eu\\\/#website\",\"url\":\"https:\\\/\\\/www.alpcamp.eu\\\/\",\"name\":\"AlpCamp\",\"description\":\"\",\"publisher\":{\"@id\":\"https:\\\/\\\/www.alpcamp.eu\\\/#organization\"},\"potentialAction\":[{\"@type\":\"SearchAction\",\"target\":{\"@type\":\"EntryPoint\",\"urlTemplate\":\"https:\\\/\\\/www.alpcamp.eu\\\/?s={search_term_string}\"},\"query-input\":{\"@type\":\"PropertyValueSpecification\",\"valueRequired\":true,\"valueName\":\"search_term_string\"}}],\"inLanguage\":\"de\"},{\"@type\":\"Organization\",\"@id\":\"https:\\\/\\\/www.alpcamp.eu\\\/#organization\",\"name\":\"12Camp BV\",\"url\":\"https:\\\/\\\/www.alpcamp.eu\\\/\",\"logo\":{\"@type\":\"ImageObject\",\"inLanguage\":\"de\",\"@id\":\"https:\\\/\\\/www.alpcamp.eu\\\/#\\\/schema\\\/logo\\\/image\\\/\",\"url\":\"https:\\\/\\\/www.alpcamp.eu\\\/wp-content\\\/uploads\\\/2015\\\/08\\\/logo-12Campv2.1-01.png\",\"contentUrl\":\"https:\\\/\\\/www.alpcamp.eu\\\/wp-content\\\/uploads\\\/2015\\\/08\\\/logo-12Campv2.1-01.png\",\"width\":953,\"height\":337,\"caption\":\"12Camp BV\"},\"image\":{\"@id\":\"https:\\\/\\\/www.alpcamp.eu\\\/#\\\/schema\\\/logo\\\/image\\\/\"},\"sameAs\":[\"https:\\\/\\\/www.facebook.com\\\/Alpcamp.eu\\\/\"]},{\"@type\":\"Person\",\"@id\":\"https:\\\/\\\/www.alpcamp.eu\\\/#\\\/schema\\\/person\\\/64835da4e8bf8a5221ad5fd33fd51c29\",\"name\":\"Theo van Rossum\",\"image\":{\"@type\":\"ImageObject\",\"inLanguage\":\"de\",\"@id\":\"https:\\\/\\\/secure.gravatar.com\\\/avatar\\\/8680f3f0ad814346609d0e6e2f2cd311a6a2e8763c211183eddf19508220d605?s=96&d=mm&r=g\",\"url\":\"https:\\\/\\\/secure.gravatar.com\\\/avatar\\\/8680f3f0ad814346609d0e6e2f2cd311a6a2e8763c211183eddf19508220d605?s=96&d=mm&r=g\",\"contentUrl\":\"https:\\\/\\\/secure.gravatar.com\\\/avatar\\\/8680f3f0ad814346609d0e6e2f2cd311a6a2e8763c211183eddf19508220d605?s=96&d=mm&r=g\",\"caption\":\"Theo van Rossum\"},\"url\":\"https:\\\/\\\/www.alpcamp.eu\\\/de\\\/author\\\/alpcamp\\\/\"}]}<\/script>\n<!-- \/ Yoast SEO plugin. -->","yoast_head_json":{"title":"Wohnung EU- Arbeitsmigranten - AlpCamp","robots":{"index":"index","follow":"follow","max-snippet":"max-snippet:-1","max-image-preview":"max-image-preview:large","max-video-preview":"max-video-preview:-1"},"canonical":"https:\/\/www.alpcamp.eu\/de\/wohnung-eu-arbeitsmigranten\/","og_locale":"de_DE","og_type":"article","og_title":"Wohnung EU- Arbeitsmigranten - AlpCamp","og_description":"In\u00a0 den Niederlanden verbleiben momentan etwa 400.000 Arbeitsmigranten aus Ost-, Mitte- und S\u00fcd Europa. \u00d6fters leben diese Arbeitnehmer in schlechten...","og_url":"https:\/\/www.alpcamp.eu\/de\/wohnung-eu-arbeitsmigranten\/","og_site_name":"AlpCamp","article_publisher":"https:\/\/www.facebook.com\/Alpcamp.eu\/","article_published_time":"2016-03-14T13:35:41+00:00","article_modified_time":"2016-03-14T13:51:44+00:00","og_image":[{"width":342,"height":147,"url":"https:\/\/www.alpcamp.eu\/wp-content\/uploads\/2016\/03\/Logo-Flexwonen-Arbeidmigranten.jpg","type":"image\/jpeg"}],"author":"Theo van Rossum","twitter_card":"summary_large_image","twitter_misc":{"Verfasst von":"Theo van Rossum","Gesch\u00e4tzte Lesezeit":"1\u00a0Minute"},"schema":{"@context":"https:\/\/schema.org","@graph":[{"@type":"Article","@id":"https:\/\/www.alpcamp.eu\/de\/wohnung-eu-arbeitsmigranten\/#article","isPartOf":{"@id":"https:\/\/www.alpcamp.eu\/de\/wohnung-eu-arbeitsmigranten\/"},"author":{"name":"Theo van Rossum","@id":"https:\/\/www.alpcamp.eu\/#\/schema\/person\/64835da4e8bf8a5221ad5fd33fd51c29"},"headline":"Wohnung EU- Arbeitsmigranten","datePublished":"2016-03-14T13:35:41+00:00","dateModified":"2016-03-14T13:51:44+00:00","mainEntityOfPage":{"@id":"https:\/\/www.alpcamp.eu\/de\/wohnung-eu-arbeitsmigranten\/"},"wordCount":127,"commentCount":0,"publisher":{"@id":"https:\/\/www.alpcamp.eu\/#organization"},"image":{"@id":"https:\/\/www.alpcamp.eu\/de\/wohnung-eu-arbeitsmigranten\/#primaryimage"},"thumbnailUrl":"https:\/\/www.alpcamp.eu\/wp-content\/uploads\/2016\/03\/Logo-Flexwonen-Arbeidmigranten.jpg","articleSection":["Aktuelles"],"inLanguage":"de","potentialAction":[{"@type":"CommentAction","name":"Comment","target":["https:\/\/www.alpcamp.eu\/de\/wohnung-eu-arbeitsmigranten\/#respond"]}]},{"@type":"WebPage","@id":"https:\/\/www.alpcamp.eu\/de\/wohnung-eu-arbeitsmigranten\/","url":"https:\/\/www.alpcamp.eu\/de\/wohnung-eu-arbeitsmigranten\/","name":"Wohnung EU- Arbeitsmigranten - AlpCamp","isPartOf":{"@id":"https:\/\/www.alpcamp.eu\/#website"},"primaryImageOfPage":{"@id":"https:\/\/www.alpcamp.eu\/de\/wohnung-eu-arbeitsmigranten\/#primaryimage"},"image":{"@id":"https:\/\/www.alpcamp.eu\/de\/wohnung-eu-arbeitsmigranten\/#primaryimage"},"thumbnailUrl":"https:\/\/www.alpcamp.eu\/wp-content\/uploads\/2016\/03\/Logo-Flexwonen-Arbeidmigranten.jpg","datePublished":"2016-03-14T13:35:41+00:00","dateModified":"2016-03-14T13:51:44+00:00","breadcrumb":{"@id":"https:\/\/www.alpcamp.eu\/de\/wohnung-eu-arbeitsmigranten\/#breadcrumb"},"inLanguage":"de","potentialAction":[{"@type":"ReadAction","target":["https:\/\/www.alpcamp.eu\/de\/wohnung-eu-arbeitsmigranten\/"]}]},{"@type":"ImageObject","inLanguage":"de","@id":"https:\/\/www.alpcamp.eu\/de\/wohnung-eu-arbeitsmigranten\/#primaryimage","url":"https:\/\/www.alpcamp.eu\/wp-content\/uploads\/2016\/03\/Logo-Flexwonen-Arbeidmigranten.jpg","contentUrl":"https:\/\/www.alpcamp.eu\/wp-content\/uploads\/2016\/03\/Logo-Flexwonen-Arbeidmigranten.jpg","width":342,"height":147},{"@type":"BreadcrumbList","@id":"https:\/\/www.alpcamp.eu\/de\/wohnung-eu-arbeitsmigranten\/#breadcrumb","itemListElement":[{"@type":"ListItem","position":1,"name":"Home","item":"https:\/\/www.alpcamp.eu\/de\/"},{"@type":"ListItem","position":2,"name":"Wohnung EU- Arbeitsmigranten"}]},{"@type":"WebSite","@id":"https:\/\/www.alpcamp.eu\/#website","url":"https:\/\/www.alpcamp.eu\/","name":"AlpCamp","description":"","publisher":{"@id":"https:\/\/www.alpcamp.eu\/#organization"},"potentialAction":[{"@type":"SearchAction","target":{"@type":"EntryPoint","urlTemplate":"https:\/\/www.alpcamp.eu\/?s={search_term_string}"},"query-input":{"@type":"PropertyValueSpecification","valueRequired":true,"valueName":"search_term_string"}}],"inLanguage":"de"},{"@type":"Organization","@id":"https:\/\/www.alpcamp.eu\/#organization","name":"12Camp BV","url":"https:\/\/www.alpcamp.eu\/","logo":{"@type":"ImageObject","inLanguage":"de","@id":"https:\/\/www.alpcamp.eu\/#\/schema\/logo\/image\/","url":"https:\/\/www.alpcamp.eu\/wp-content\/uploads\/2015\/08\/logo-12Campv2.1-01.png","contentUrl":"https:\/\/www.alpcamp.eu\/wp-content\/uploads\/2015\/08\/logo-12Campv2.1-01.png","width":953,"height":337,"caption":"12Camp BV"},"image":{"@id":"https:\/\/www.alpcamp.eu\/#\/schema\/logo\/image\/"},"sameAs":["https:\/\/www.facebook.com\/Alpcamp.eu\/"]},{"@type":"Person","@id":"https:\/\/www.alpcamp.eu\/#\/schema\/person\/64835da4e8bf8a5221ad5fd33fd51c29","name":"Theo van Rossum","image":{"@type":"ImageObject","inLanguage":"de","@id":"https:\/\/secure.gravatar.com\/avatar\/8680f3f0ad814346609d0e6e2f2cd311a6a2e8763c211183eddf19508220d605?s=96&d=mm&r=g","url":"https:\/\/secure.gravatar.com\/avatar\/8680f3f0ad814346609d0e6e2f2cd311a6a2e8763c211183eddf19508220d605?s=96&d=mm&r=g","contentUrl":"https:\/\/secure.gravatar.com\/avatar\/8680f3f0ad814346609d0e6e2f2cd311a6a2e8763c211183eddf19508220d605?s=96&d=mm&r=g","caption":"Theo van Rossum"},"url":"https:\/\/www.alpcamp.eu\/de\/author\/alpcamp\/"}]}},"_links":{"self":[{"href":"https:\/\/www.alpcamp.eu\/de\/wp-json\/wp\/v2\/posts\/1955","targetHints":{"allow":["GET"]}}],"collection":[{"href":"https:\/\/www.alpcamp.eu\/de\/wp-json\/wp\/v2\/posts"}],"about":[{"href":"https:\/\/www.alpcamp.eu\/de\/wp-json\/wp\/v2\/types\/post"}],"author":[{"embeddable":true,"href":"https:\/\/www.alpcamp.eu\/de\/wp-json\/wp\/v2\/users\/2"}],"replies":[{"embeddable":true,"href":"https:\/\/www.alpcamp.eu\/de\/wp-json\/wp\/v2\/comments?post=1955"}],"version-history":[{"count":3,"href":"https:\/\/www.alpcamp.eu\/de\/wp-json\/wp\/v2\/posts\/1955\/revisions"}],"predecessor-version":[{"id":1961,"href":"https:\/\/www.alpcamp.eu\/de\/wp-json\/wp\/v2\/posts\/1955\/revisions\/1961"}],"wp:featuredmedia":[{"embeddable":true,"href":"https:\/\/www.alpcamp.eu\/de\/wp-json\/wp\/v2\/media\/1951"}],"wp:attachment":[{"href":"https:\/\/www.alpcamp.eu\/de\/wp-json\/wp\/v2\/media?parent=1955"}],"wp:term":[{"taxonomy":"category","embeddable":true,"href":"https:\/\/www.alpcamp.eu\/de\/wp-json\/wp\/v2\/categories?post=1955"},{"taxonomy":"post_tag","embeddable":true,"href":"https:\/\/www.alpcamp.eu\/de\/wp-json\/wp\/v2\/tags?post=1955"}],"curies":[{"name":"wp","href":"https:\/\/api.w.org\/{rel}","templated":true}]}}