{"id":3584,"date":"2020-06-14T15:15:23","date_gmt":"2020-06-14T14:15:23","guid":{"rendered":"https:\/\/www.alpcamp.eu\/?p=3584"},"modified":"2020-06-14T15:15:23","modified_gmt":"2020-06-14T14:15:23","slug":"ab-16-juni-werden-oesterreichs-grenzen-zu-31-europaeischen-laendern-geoeffnet","status":"publish","type":"post","link":"https:\/\/www.alpcamp.eu\/de\/ab-16-juni-werden-oesterreichs-grenzen-zu-31-europaeischen-laendern-geoeffnet\/","title":{"rendered":"Ab 16. Juni werden \u00d6sterreichs Grenzen zu 31 europ\u00e4ischen L\u00e4ndern ge\u00f6ffnet."},"content":{"rendered":"<div class=\"card card-collapse\">\n<div id=\"collapse2\" class=\"collapse show\" role=\"region\" aria-labelledby=\"collapse2heading\">\n<div class=\"card-body\">\n<p>Das Einreisen aus Nachbarl\u00e4ndern nach \u00d6sterreich ist mit der Ausnahme aus Italien ohne eine 14-t\u00e4gige Quarant\u00e4nepflicht m\u00f6glich, wenn die Personen ihren Wohnsitz oder gew\u00f6hnlichen Aufenthalt in \u00d6sterreich oder einem der Nachbarstaaten (Ausnahme Italien) haben und sie sich in den letzten 14 Tagen nur in diesen L\u00e4ndern aufgehalten haben.<button id=\"collapse5heading\" class=\"\" type=\"button\" data-toggle=\"collapse\" data-target=\"#collapse5\" aria-expanded=\"false\" aria-controls=\"collapse5\"><\/button><\/p>\n<p>Aktuelle Information via den Link zu dem Sozialministerium.<\/p>\n<\/div>\n<\/div>\n<\/div>\n","protected":false},"excerpt":{"rendered":"<p>Das Einreisen aus Nachbarl\u00e4ndern nach \u00d6sterreich ist mit der Ausnahme aus Italien ohne eine 14-t\u00e4gige Quarant\u00e4nepflicht m\u00f6glich, wenn die Personen&#8230;<\/p>\n","protected":false},"author":2,"featured_media":3586,"comment_status":"closed","ping_status":"closed","sticky":false,"template":"","format":"link","meta":{"footnotes":""},"categories":[11],"tags":[],"class_list":["post-3584","post","type-post","status-publish","format-link","has-post-thumbnail","hentry","category-aktuelles","post_format-post-format-link"],"yoast_head":"<!-- This site is optimized with the Yoast SEO plugin v27.3 - https:\/\/yoast.com\/product\/yoast-seo-wordpress\/ -->\n<title>Ab 16. Juni werden \u00d6sterreichs Grenzen zu 31 europ\u00e4ischen L\u00e4ndern ge\u00f6ffnet. - AlpCamp<\/title>\n<meta name=\"description\" content=\"einreisen Osterreich\" \/>\n<meta name=\"robots\" content=\"index, follow, max-snippet:-1, max-image-preview:large, max-video-preview:-1\" \/>\n<link rel=\"canonical\" href=\"https:\/\/www.alpcamp.eu\/de\/ab-16-juni-werden-oesterreichs-grenzen-zu-31-europaeischen-laendern-geoeffnet\/\" \/>\n<meta property=\"og:locale\" content=\"de_DE\" \/>\n<meta property=\"og:type\" content=\"article\" \/>\n<meta property=\"og:title\" content=\"Ab 16. Juni werden \u00d6sterreichs Grenzen zu 31 europ\u00e4ischen L\u00e4ndern ge\u00f6ffnet. - AlpCamp\" \/>\n<meta property=\"og:description\" content=\"einreisen Osterreich\" \/>\n<meta property=\"og:url\" content=\"https:\/\/www.alpcamp.eu\/de\/ab-16-juni-werden-oesterreichs-grenzen-zu-31-europaeischen-laendern-geoeffnet\/\" \/>\n<meta property=\"og:site_name\" content=\"AlpCamp\" \/>\n<meta property=\"article:publisher\" content=\"https:\/\/www.facebook.com\/Alpcamp.eu\/\" \/>\n<meta property=\"article:published_time\" content=\"2020-06-14T14:15:23+00:00\" \/>\n<meta property=\"og:image\" content=\"https:\/\/www.alpcamp.eu\/wp-content\/uploads\/2020\/06\/auto-oostenrijk.jpg\" \/>\n\t<meta property=\"og:image:width\" content=\"1500\" \/>\n\t<meta property=\"og:image:height\" content=\"543\" \/>\n\t<meta property=\"og:image:type\" content=\"image\/jpeg\" \/>\n<meta name=\"author\" content=\"Theo van Rossum\" \/>\n<meta name=\"twitter:card\" content=\"summary_large_image\" \/>\n<meta name=\"twitter:label1\" content=\"Verfasst von\" \/>\n\t<meta name=\"twitter:data1\" content=\"Theo van Rossum\" \/>\n<script type=\"application\/ld+json\" class=\"yoast-schema-graph\">{\"@context\":\"https:\\\/\\\/schema.org\",\"@graph\":[{\"@type\":\"Article\",\"@id\":\"https:\\\/\\\/www.alpcamp.eu\\\/de\\\/ab-16-juni-werden-oesterreichs-grenzen-zu-31-europaeischen-laendern-geoeffnet\\\/#article\",\"isPartOf\":{\"@id\":\"https:\\\/\\\/www.alpcamp.eu\\\/de\\\/ab-16-juni-werden-oesterreichs-grenzen-zu-31-europaeischen-laendern-geoeffnet\\\/\"},\"author\":{\"name\":\"Theo van Rossum\",\"@id\":\"https:\\\/\\\/www.alpcamp.eu\\\/#\\\/schema\\\/person\\\/64835da4e8bf8a5221ad5fd33fd51c29\"},\"headline\":\"Ab 16. Juni werden \u00d6sterreichs Grenzen zu 31 europ\u00e4ischen L\u00e4ndern ge\u00f6ffnet.\",\"datePublished\":\"2020-06-14T14:15:23+00:00\",\"mainEntityOfPage\":{\"@id\":\"https:\\\/\\\/www.alpcamp.eu\\\/de\\\/ab-16-juni-werden-oesterreichs-grenzen-zu-31-europaeischen-laendern-geoeffnet\\\/\"},\"wordCount\":73,\"publisher\":{\"@id\":\"https:\\\/\\\/www.alpcamp.eu\\\/#organization\"},\"image\":{\"@id\":\"https:\\\/\\\/www.alpcamp.eu\\\/de\\\/ab-16-juni-werden-oesterreichs-grenzen-zu-31-europaeischen-laendern-geoeffnet\\\/#primaryimage\"},\"thumbnailUrl\":\"https:\\\/\\\/www.alpcamp.eu\\\/wp-content\\\/uploads\\\/2020\\\/06\\\/auto-oostenrijk.jpg\",\"articleSection\":[\"Aktuelles\"],\"inLanguage\":\"de\"},{\"@type\":\"WebPage\",\"@id\":\"https:\\\/\\\/www.alpcamp.eu\\\/de\\\/ab-16-juni-werden-oesterreichs-grenzen-zu-31-europaeischen-laendern-geoeffnet\\\/\",\"url\":\"https:\\\/\\\/www.alpcamp.eu\\\/de\\\/ab-16-juni-werden-oesterreichs-grenzen-zu-31-europaeischen-laendern-geoeffnet\\\/\",\"name\":\"Ab 16. Juni werden \u00d6sterreichs Grenzen zu 31 europ\u00e4ischen L\u00e4ndern ge\u00f6ffnet. - AlpCamp\",\"isPartOf\":{\"@id\":\"https:\\\/\\\/www.alpcamp.eu\\\/#website\"},\"primaryImageOfPage\":{\"@id\":\"https:\\\/\\\/www.alpcamp.eu\\\/de\\\/ab-16-juni-werden-oesterreichs-grenzen-zu-31-europaeischen-laendern-geoeffnet\\\/#primaryimage\"},\"image\":{\"@id\":\"https:\\\/\\\/www.alpcamp.eu\\\/de\\\/ab-16-juni-werden-oesterreichs-grenzen-zu-31-europaeischen-laendern-geoeffnet\\\/#primaryimage\"},\"thumbnailUrl\":\"https:\\\/\\\/www.alpcamp.eu\\\/wp-content\\\/uploads\\\/2020\\\/06\\\/auto-oostenrijk.jpg\",\"datePublished\":\"2020-06-14T14:15:23+00:00\",\"description\":\"einreisen Osterreich\",\"breadcrumb\":{\"@id\":\"https:\\\/\\\/www.alpcamp.eu\\\/de\\\/ab-16-juni-werden-oesterreichs-grenzen-zu-31-europaeischen-laendern-geoeffnet\\\/#breadcrumb\"},\"inLanguage\":\"de\",\"potentialAction\":[{\"@type\":\"ReadAction\",\"target\":[\"https:\\\/\\\/www.alpcamp.eu\\\/de\\\/ab-16-juni-werden-oesterreichs-grenzen-zu-31-europaeischen-laendern-geoeffnet\\\/\"]}]},{\"@type\":\"ImageObject\",\"inLanguage\":\"de\",\"@id\":\"https:\\\/\\\/www.alpcamp.eu\\\/de\\\/ab-16-juni-werden-oesterreichs-grenzen-zu-31-europaeischen-laendern-geoeffnet\\\/#primaryimage\",\"url\":\"https:\\\/\\\/www.alpcamp.eu\\\/wp-content\\\/uploads\\\/2020\\\/06\\\/auto-oostenrijk.jpg\",\"contentUrl\":\"https:\\\/\\\/www.alpcamp.eu\\\/wp-content\\\/uploads\\\/2020\\\/06\\\/auto-oostenrijk.jpg\",\"width\":1500,\"height\":543},{\"@type\":\"BreadcrumbList\",\"@id\":\"https:\\\/\\\/www.alpcamp.eu\\\/de\\\/ab-16-juni-werden-oesterreichs-grenzen-zu-31-europaeischen-laendern-geoeffnet\\\/#breadcrumb\",\"itemListElement\":[{\"@type\":\"ListItem\",\"position\":1,\"name\":\"Home\",\"item\":\"https:\\\/\\\/www.alpcamp.eu\\\/de\\\/\"},{\"@type\":\"ListItem\",\"position\":2,\"name\":\"Ab 16. Juni werden \u00d6sterreichs Grenzen zu 31 europ\u00e4ischen L\u00e4ndern ge\u00f6ffnet.\"}]},{\"@type\":\"WebSite\",\"@id\":\"https:\\\/\\\/www.alpcamp.eu\\\/#website\",\"url\":\"https:\\\/\\\/www.alpcamp.eu\\\/\",\"name\":\"AlpCamp\",\"description\":\"\",\"publisher\":{\"@id\":\"https:\\\/\\\/www.alpcamp.eu\\\/#organization\"},\"potentialAction\":[{\"@type\":\"SearchAction\",\"target\":{\"@type\":\"EntryPoint\",\"urlTemplate\":\"https:\\\/\\\/www.alpcamp.eu\\\/?s={search_term_string}\"},\"query-input\":{\"@type\":\"PropertyValueSpecification\",\"valueRequired\":true,\"valueName\":\"search_term_string\"}}],\"inLanguage\":\"de\"},{\"@type\":\"Organization\",\"@id\":\"https:\\\/\\\/www.alpcamp.eu\\\/#organization\",\"name\":\"12Camp BV\",\"url\":\"https:\\\/\\\/www.alpcamp.eu\\\/\",\"logo\":{\"@type\":\"ImageObject\",\"inLanguage\":\"de\",\"@id\":\"https:\\\/\\\/www.alpcamp.eu\\\/#\\\/schema\\\/logo\\\/image\\\/\",\"url\":\"https:\\\/\\\/www.alpcamp.eu\\\/wp-content\\\/uploads\\\/2015\\\/08\\\/logo-12Campv2.1-01.png\",\"contentUrl\":\"https:\\\/\\\/www.alpcamp.eu\\\/wp-content\\\/uploads\\\/2015\\\/08\\\/logo-12Campv2.1-01.png\",\"width\":953,\"height\":337,\"caption\":\"12Camp BV\"},\"image\":{\"@id\":\"https:\\\/\\\/www.alpcamp.eu\\\/#\\\/schema\\\/logo\\\/image\\\/\"},\"sameAs\":[\"https:\\\/\\\/www.facebook.com\\\/Alpcamp.eu\\\/\"]},{\"@type\":\"Person\",\"@id\":\"https:\\\/\\\/www.alpcamp.eu\\\/#\\\/schema\\\/person\\\/64835da4e8bf8a5221ad5fd33fd51c29\",\"name\":\"Theo van Rossum\",\"image\":{\"@type\":\"ImageObject\",\"inLanguage\":\"de\",\"@id\":\"https:\\\/\\\/secure.gravatar.com\\\/avatar\\\/8680f3f0ad814346609d0e6e2f2cd311a6a2e8763c211183eddf19508220d605?s=96&d=mm&r=g\",\"url\":\"https:\\\/\\\/secure.gravatar.com\\\/avatar\\\/8680f3f0ad814346609d0e6e2f2cd311a6a2e8763c211183eddf19508220d605?s=96&d=mm&r=g\",\"contentUrl\":\"https:\\\/\\\/secure.gravatar.com\\\/avatar\\\/8680f3f0ad814346609d0e6e2f2cd311a6a2e8763c211183eddf19508220d605?s=96&d=mm&r=g\",\"caption\":\"Theo van Rossum\"},\"url\":\"https:\\\/\\\/www.alpcamp.eu\\\/de\\\/author\\\/alpcamp\\\/\"}]}<\/script>\n<!-- \/ Yoast SEO plugin. -->","yoast_head_json":{"title":"Ab 16. Juni werden \u00d6sterreichs Grenzen zu 31 europ\u00e4ischen L\u00e4ndern ge\u00f6ffnet. - AlpCamp","description":"einreisen Osterreich","robots":{"index":"index","follow":"follow","max-snippet":"max-snippet:-1","max-image-preview":"max-image-preview:large","max-video-preview":"max-video-preview:-1"},"canonical":"https:\/\/www.alpcamp.eu\/de\/ab-16-juni-werden-oesterreichs-grenzen-zu-31-europaeischen-laendern-geoeffnet\/","og_locale":"de_DE","og_type":"article","og_title":"Ab 16. Juni werden \u00d6sterreichs Grenzen zu 31 europ\u00e4ischen L\u00e4ndern ge\u00f6ffnet. - AlpCamp","og_description":"einreisen Osterreich","og_url":"https:\/\/www.alpcamp.eu\/de\/ab-16-juni-werden-oesterreichs-grenzen-zu-31-europaeischen-laendern-geoeffnet\/","og_site_name":"AlpCamp","article_publisher":"https:\/\/www.facebook.com\/Alpcamp.eu\/","article_published_time":"2020-06-14T14:15:23+00:00","og_image":[{"width":1500,"height":543,"url":"https:\/\/www.alpcamp.eu\/wp-content\/uploads\/2020\/06\/auto-oostenrijk.jpg","type":"image\/jpeg"}],"author":"Theo van Rossum","twitter_card":"summary_large_image","twitter_misc":{"Verfasst von":"Theo van Rossum"},"schema":{"@context":"https:\/\/schema.org","@graph":[{"@type":"Article","@id":"https:\/\/www.alpcamp.eu\/de\/ab-16-juni-werden-oesterreichs-grenzen-zu-31-europaeischen-laendern-geoeffnet\/#article","isPartOf":{"@id":"https:\/\/www.alpcamp.eu\/de\/ab-16-juni-werden-oesterreichs-grenzen-zu-31-europaeischen-laendern-geoeffnet\/"},"author":{"name":"Theo van Rossum","@id":"https:\/\/www.alpcamp.eu\/#\/schema\/person\/64835da4e8bf8a5221ad5fd33fd51c29"},"headline":"Ab 16. Juni werden \u00d6sterreichs Grenzen zu 31 europ\u00e4ischen L\u00e4ndern ge\u00f6ffnet.","datePublished":"2020-06-14T14:15:23+00:00","mainEntityOfPage":{"@id":"https:\/\/www.alpcamp.eu\/de\/ab-16-juni-werden-oesterreichs-grenzen-zu-31-europaeischen-laendern-geoeffnet\/"},"wordCount":73,"publisher":{"@id":"https:\/\/www.alpcamp.eu\/#organization"},"image":{"@id":"https:\/\/www.alpcamp.eu\/de\/ab-16-juni-werden-oesterreichs-grenzen-zu-31-europaeischen-laendern-geoeffnet\/#primaryimage"},"thumbnailUrl":"https:\/\/www.alpcamp.eu\/wp-content\/uploads\/2020\/06\/auto-oostenrijk.jpg","articleSection":["Aktuelles"],"inLanguage":"de"},{"@type":"WebPage","@id":"https:\/\/www.alpcamp.eu\/de\/ab-16-juni-werden-oesterreichs-grenzen-zu-31-europaeischen-laendern-geoeffnet\/","url":"https:\/\/www.alpcamp.eu\/de\/ab-16-juni-werden-oesterreichs-grenzen-zu-31-europaeischen-laendern-geoeffnet\/","name":"Ab 16. Juni werden \u00d6sterreichs Grenzen zu 31 europ\u00e4ischen L\u00e4ndern ge\u00f6ffnet. - AlpCamp","isPartOf":{"@id":"https:\/\/www.alpcamp.eu\/#website"},"primaryImageOfPage":{"@id":"https:\/\/www.alpcamp.eu\/de\/ab-16-juni-werden-oesterreichs-grenzen-zu-31-europaeischen-laendern-geoeffnet\/#primaryimage"},"image":{"@id":"https:\/\/www.alpcamp.eu\/de\/ab-16-juni-werden-oesterreichs-grenzen-zu-31-europaeischen-laendern-geoeffnet\/#primaryimage"},"thumbnailUrl":"https:\/\/www.alpcamp.eu\/wp-content\/uploads\/2020\/06\/auto-oostenrijk.jpg","datePublished":"2020-06-14T14:15:23+00:00","description":"einreisen Osterreich","breadcrumb":{"@id":"https:\/\/www.alpcamp.eu\/de\/ab-16-juni-werden-oesterreichs-grenzen-zu-31-europaeischen-laendern-geoeffnet\/#breadcrumb"},"inLanguage":"de","potentialAction":[{"@type":"ReadAction","target":["https:\/\/www.alpcamp.eu\/de\/ab-16-juni-werden-oesterreichs-grenzen-zu-31-europaeischen-laendern-geoeffnet\/"]}]},{"@type":"ImageObject","inLanguage":"de","@id":"https:\/\/www.alpcamp.eu\/de\/ab-16-juni-werden-oesterreichs-grenzen-zu-31-europaeischen-laendern-geoeffnet\/#primaryimage","url":"https:\/\/www.alpcamp.eu\/wp-content\/uploads\/2020\/06\/auto-oostenrijk.jpg","contentUrl":"https:\/\/www.alpcamp.eu\/wp-content\/uploads\/2020\/06\/auto-oostenrijk.jpg","width":1500,"height":543},{"@type":"BreadcrumbList","@id":"https:\/\/www.alpcamp.eu\/de\/ab-16-juni-werden-oesterreichs-grenzen-zu-31-europaeischen-laendern-geoeffnet\/#breadcrumb","itemListElement":[{"@type":"ListItem","position":1,"name":"Home","item":"https:\/\/www.alpcamp.eu\/de\/"},{"@type":"ListItem","position":2,"name":"Ab 16. Juni werden \u00d6sterreichs Grenzen zu 31 europ\u00e4ischen L\u00e4ndern ge\u00f6ffnet."}]},{"@type":"WebSite","@id":"https:\/\/www.alpcamp.eu\/#website","url":"https:\/\/www.alpcamp.eu\/","name":"AlpCamp","description":"","publisher":{"@id":"https:\/\/www.alpcamp.eu\/#organization"},"potentialAction":[{"@type":"SearchAction","target":{"@type":"EntryPoint","urlTemplate":"https:\/\/www.alpcamp.eu\/?s={search_term_string}"},"query-input":{"@type":"PropertyValueSpecification","valueRequired":true,"valueName":"search_term_string"}}],"inLanguage":"de"},{"@type":"Organization","@id":"https:\/\/www.alpcamp.eu\/#organization","name":"12Camp BV","url":"https:\/\/www.alpcamp.eu\/","logo":{"@type":"ImageObject","inLanguage":"de","@id":"https:\/\/www.alpcamp.eu\/#\/schema\/logo\/image\/","url":"https:\/\/www.alpcamp.eu\/wp-content\/uploads\/2015\/08\/logo-12Campv2.1-01.png","contentUrl":"https:\/\/www.alpcamp.eu\/wp-content\/uploads\/2015\/08\/logo-12Campv2.1-01.png","width":953,"height":337,"caption":"12Camp BV"},"image":{"@id":"https:\/\/www.alpcamp.eu\/#\/schema\/logo\/image\/"},"sameAs":["https:\/\/www.facebook.com\/Alpcamp.eu\/"]},{"@type":"Person","@id":"https:\/\/www.alpcamp.eu\/#\/schema\/person\/64835da4e8bf8a5221ad5fd33fd51c29","name":"Theo van Rossum","image":{"@type":"ImageObject","inLanguage":"de","@id":"https:\/\/secure.gravatar.com\/avatar\/8680f3f0ad814346609d0e6e2f2cd311a6a2e8763c211183eddf19508220d605?s=96&d=mm&r=g","url":"https:\/\/secure.gravatar.com\/avatar\/8680f3f0ad814346609d0e6e2f2cd311a6a2e8763c211183eddf19508220d605?s=96&d=mm&r=g","contentUrl":"https:\/\/secure.gravatar.com\/avatar\/8680f3f0ad814346609d0e6e2f2cd311a6a2e8763c211183eddf19508220d605?s=96&d=mm&r=g","caption":"Theo van Rossum"},"url":"https:\/\/www.alpcamp.eu\/de\/author\/alpcamp\/"}]}},"_links":{"self":[{"href":"https:\/\/www.alpcamp.eu\/de\/wp-json\/wp\/v2\/posts\/3584","targetHints":{"allow":["GET"]}}],"collection":[{"href":"https:\/\/www.alpcamp.eu\/de\/wp-json\/wp\/v2\/posts"}],"about":[{"href":"https:\/\/www.alpcamp.eu\/de\/wp-json\/wp\/v2\/types\/post"}],"author":[{"embeddable":true,"href":"https:\/\/www.alpcamp.eu\/de\/wp-json\/wp\/v2\/users\/2"}],"replies":[{"embeddable":true,"href":"https:\/\/www.alpcamp.eu\/de\/wp-json\/wp\/v2\/comments?post=3584"}],"version-history":[{"count":2,"href":"https:\/\/www.alpcamp.eu\/de\/wp-json\/wp\/v2\/posts\/3584\/revisions"}],"predecessor-version":[{"id":3589,"href":"https:\/\/www.alpcamp.eu\/de\/wp-json\/wp\/v2\/posts\/3584\/revisions\/3589"}],"wp:featuredmedia":[{"embeddable":true,"href":"https:\/\/www.alpcamp.eu\/de\/wp-json\/wp\/v2\/media\/3586"}],"wp:attachment":[{"href":"https:\/\/www.alpcamp.eu\/de\/wp-json\/wp\/v2\/media?parent=3584"}],"wp:term":[{"taxonomy":"category","embeddable":true,"href":"https:\/\/www.alpcamp.eu\/de\/wp-json\/wp\/v2\/categories?post=3584"},{"taxonomy":"post_tag","embeddable":true,"href":"https:\/\/www.alpcamp.eu\/de\/wp-json\/wp\/v2\/tags?post=3584"}],"curies":[{"name":"wp","href":"https:\/\/api.w.org\/{rel}","templated":true}]}}