{"id":3605,"date":"2020-08-17T12:39:53","date_gmt":"2020-08-17T11:39:53","guid":{"rendered":"https:\/\/www.alpcamp.eu\/?p=3605"},"modified":"2020-08-17T12:39:53","modified_gmt":"2020-08-17T11:39:53","slug":"review-van-hannah-uit-duitsland","status":"publish","type":"post","link":"https:\/\/www.alpcamp.eu\/de\/review-van-hannah-uit-duitsland\/","title":{"rendered":"Review van Hannah uit Duitsland"},"content":{"rendered":"<p>Dieser positiven Review von Hannah aus Deutschland teilen wir mal gerne mit Ihnen:<\/p>\n<p>\u201cEin sch\u00f6nes Chalet mit vielen durchdachten Einzelheiten, die den Aufenthalt mit 8 Personen m\u00f6glich machen. Viel Stauraum , eine gut ausgestattete K\u00fcche und ein gem\u00fctlicher Wohnbereich waren unsere Favoriten. Der Campingplatz bietet tolle M\u00f6glichkeiten einen entspannten Urlaub mit Kindern zu verbringen. Die Kommunikation mit Alpcamp lief sehr gut und unkompliziert ab. Wir w\u00e4ren gerne noch ein paar Tage l\u00e4nger geblieben.\u201d<\/p>\n","protected":false},"excerpt":{"rendered":"<p>Dieser positiven Review von Hannah aus Deutschland teilen wir mal gerne mit Ihnen: \u201cEin sch\u00f6nes Chalet mit vielen durchdachten Einzelheiten,&#8230;<\/p>\n","protected":false},"author":2,"featured_media":0,"comment_status":"closed","ping_status":"closed","sticky":false,"template":"","format":"standard","meta":{"footnotes":""},"categories":[11],"tags":[],"class_list":["post-3605","post","type-post","status-publish","format-standard","hentry","category-aktuelles"],"yoast_head":"<!-- This site is optimized with the Yoast SEO plugin v27.3 - https:\/\/yoast.com\/product\/yoast-seo-wordpress\/ -->\n<title>Review van Hannah uit Duitsland - AlpCamp<\/title>\n<meta name=\"robots\" content=\"index, follow, max-snippet:-1, max-image-preview:large, max-video-preview:-1\" \/>\n<link rel=\"canonical\" href=\"https:\/\/www.alpcamp.eu\/de\/review-van-hannah-uit-duitsland\/\" \/>\n<meta property=\"og:locale\" content=\"de_DE\" \/>\n<meta property=\"og:type\" content=\"article\" \/>\n<meta property=\"og:title\" content=\"Review van Hannah uit Duitsland - AlpCamp\" \/>\n<meta property=\"og:description\" content=\"Dieser positiven Review von Hannah aus Deutschland teilen wir mal gerne mit Ihnen: \u201cEin sch\u00f6nes Chalet mit vielen durchdachten Einzelheiten,...\" \/>\n<meta property=\"og:url\" content=\"https:\/\/www.alpcamp.eu\/de\/review-van-hannah-uit-duitsland\/\" \/>\n<meta property=\"og:site_name\" content=\"AlpCamp\" \/>\n<meta property=\"article:publisher\" content=\"https:\/\/www.facebook.com\/Alpcamp.eu\/\" \/>\n<meta property=\"article:published_time\" content=\"2020-08-17T11:39:53+00:00\" \/>\n<meta name=\"author\" content=\"Theo van Rossum\" \/>\n<meta name=\"twitter:card\" content=\"summary_large_image\" \/>\n<meta name=\"twitter:label1\" content=\"Verfasst von\" \/>\n\t<meta name=\"twitter:data1\" content=\"Theo van Rossum\" \/>\n<script type=\"application\/ld+json\" class=\"yoast-schema-graph\">{\"@context\":\"https:\\\/\\\/schema.org\",\"@graph\":[{\"@type\":\"Article\",\"@id\":\"https:\\\/\\\/www.alpcamp.eu\\\/de\\\/review-van-hannah-uit-duitsland\\\/#article\",\"isPartOf\":{\"@id\":\"https:\\\/\\\/www.alpcamp.eu\\\/de\\\/review-van-hannah-uit-duitsland\\\/\"},\"author\":{\"name\":\"Theo van Rossum\",\"@id\":\"https:\\\/\\\/www.alpcamp.eu\\\/#\\\/schema\\\/person\\\/64835da4e8bf8a5221ad5fd33fd51c29\"},\"headline\":\"Review van Hannah uit Duitsland\",\"datePublished\":\"2020-08-17T11:39:53+00:00\",\"mainEntityOfPage\":{\"@id\":\"https:\\\/\\\/www.alpcamp.eu\\\/de\\\/review-van-hannah-uit-duitsland\\\/\"},\"wordCount\":83,\"publisher\":{\"@id\":\"https:\\\/\\\/www.alpcamp.eu\\\/#organization\"},\"articleSection\":[\"Aktuelles\"],\"inLanguage\":\"de\"},{\"@type\":\"WebPage\",\"@id\":\"https:\\\/\\\/www.alpcamp.eu\\\/de\\\/review-van-hannah-uit-duitsland\\\/\",\"url\":\"https:\\\/\\\/www.alpcamp.eu\\\/de\\\/review-van-hannah-uit-duitsland\\\/\",\"name\":\"Review van Hannah uit Duitsland - AlpCamp\",\"isPartOf\":{\"@id\":\"https:\\\/\\\/www.alpcamp.eu\\\/#website\"},\"datePublished\":\"2020-08-17T11:39:53+00:00\",\"breadcrumb\":{\"@id\":\"https:\\\/\\\/www.alpcamp.eu\\\/de\\\/review-van-hannah-uit-duitsland\\\/#breadcrumb\"},\"inLanguage\":\"de\",\"potentialAction\":[{\"@type\":\"ReadAction\",\"target\":[\"https:\\\/\\\/www.alpcamp.eu\\\/de\\\/review-van-hannah-uit-duitsland\\\/\"]}]},{\"@type\":\"BreadcrumbList\",\"@id\":\"https:\\\/\\\/www.alpcamp.eu\\\/de\\\/review-van-hannah-uit-duitsland\\\/#breadcrumb\",\"itemListElement\":[{\"@type\":\"ListItem\",\"position\":1,\"name\":\"Home\",\"item\":\"https:\\\/\\\/www.alpcamp.eu\\\/de\\\/\"},{\"@type\":\"ListItem\",\"position\":2,\"name\":\"Review van Hannah uit Duitsland\"}]},{\"@type\":\"WebSite\",\"@id\":\"https:\\\/\\\/www.alpcamp.eu\\\/#website\",\"url\":\"https:\\\/\\\/www.alpcamp.eu\\\/\",\"name\":\"AlpCamp\",\"description\":\"\",\"publisher\":{\"@id\":\"https:\\\/\\\/www.alpcamp.eu\\\/#organization\"},\"potentialAction\":[{\"@type\":\"SearchAction\",\"target\":{\"@type\":\"EntryPoint\",\"urlTemplate\":\"https:\\\/\\\/www.alpcamp.eu\\\/?s={search_term_string}\"},\"query-input\":{\"@type\":\"PropertyValueSpecification\",\"valueRequired\":true,\"valueName\":\"search_term_string\"}}],\"inLanguage\":\"de\"},{\"@type\":\"Organization\",\"@id\":\"https:\\\/\\\/www.alpcamp.eu\\\/#organization\",\"name\":\"12Camp BV\",\"url\":\"https:\\\/\\\/www.alpcamp.eu\\\/\",\"logo\":{\"@type\":\"ImageObject\",\"inLanguage\":\"de\",\"@id\":\"https:\\\/\\\/www.alpcamp.eu\\\/#\\\/schema\\\/logo\\\/image\\\/\",\"url\":\"https:\\\/\\\/www.alpcamp.eu\\\/wp-content\\\/uploads\\\/2015\\\/08\\\/logo-12Campv2.1-01.png\",\"contentUrl\":\"https:\\\/\\\/www.alpcamp.eu\\\/wp-content\\\/uploads\\\/2015\\\/08\\\/logo-12Campv2.1-01.png\",\"width\":953,\"height\":337,\"caption\":\"12Camp BV\"},\"image\":{\"@id\":\"https:\\\/\\\/www.alpcamp.eu\\\/#\\\/schema\\\/logo\\\/image\\\/\"},\"sameAs\":[\"https:\\\/\\\/www.facebook.com\\\/Alpcamp.eu\\\/\"]},{\"@type\":\"Person\",\"@id\":\"https:\\\/\\\/www.alpcamp.eu\\\/#\\\/schema\\\/person\\\/64835da4e8bf8a5221ad5fd33fd51c29\",\"name\":\"Theo van Rossum\",\"image\":{\"@type\":\"ImageObject\",\"inLanguage\":\"de\",\"@id\":\"https:\\\/\\\/secure.gravatar.com\\\/avatar\\\/8680f3f0ad814346609d0e6e2f2cd311a6a2e8763c211183eddf19508220d605?s=96&d=mm&r=g\",\"url\":\"https:\\\/\\\/secure.gravatar.com\\\/avatar\\\/8680f3f0ad814346609d0e6e2f2cd311a6a2e8763c211183eddf19508220d605?s=96&d=mm&r=g\",\"contentUrl\":\"https:\\\/\\\/secure.gravatar.com\\\/avatar\\\/8680f3f0ad814346609d0e6e2f2cd311a6a2e8763c211183eddf19508220d605?s=96&d=mm&r=g\",\"caption\":\"Theo van Rossum\"},\"url\":\"https:\\\/\\\/www.alpcamp.eu\\\/de\\\/author\\\/alpcamp\\\/\"}]}<\/script>\n<!-- \/ Yoast SEO plugin. -->","yoast_head_json":{"title":"Review van Hannah uit Duitsland - AlpCamp","robots":{"index":"index","follow":"follow","max-snippet":"max-snippet:-1","max-image-preview":"max-image-preview:large","max-video-preview":"max-video-preview:-1"},"canonical":"https:\/\/www.alpcamp.eu\/de\/review-van-hannah-uit-duitsland\/","og_locale":"de_DE","og_type":"article","og_title":"Review van Hannah uit Duitsland - AlpCamp","og_description":"Dieser positiven Review von Hannah aus Deutschland teilen wir mal gerne mit Ihnen: \u201cEin sch\u00f6nes Chalet mit vielen durchdachten Einzelheiten,...","og_url":"https:\/\/www.alpcamp.eu\/de\/review-van-hannah-uit-duitsland\/","og_site_name":"AlpCamp","article_publisher":"https:\/\/www.facebook.com\/Alpcamp.eu\/","article_published_time":"2020-08-17T11:39:53+00:00","author":"Theo van Rossum","twitter_card":"summary_large_image","twitter_misc":{"Verfasst von":"Theo van Rossum"},"schema":{"@context":"https:\/\/schema.org","@graph":[{"@type":"Article","@id":"https:\/\/www.alpcamp.eu\/de\/review-van-hannah-uit-duitsland\/#article","isPartOf":{"@id":"https:\/\/www.alpcamp.eu\/de\/review-van-hannah-uit-duitsland\/"},"author":{"name":"Theo van Rossum","@id":"https:\/\/www.alpcamp.eu\/#\/schema\/person\/64835da4e8bf8a5221ad5fd33fd51c29"},"headline":"Review van Hannah uit Duitsland","datePublished":"2020-08-17T11:39:53+00:00","mainEntityOfPage":{"@id":"https:\/\/www.alpcamp.eu\/de\/review-van-hannah-uit-duitsland\/"},"wordCount":83,"publisher":{"@id":"https:\/\/www.alpcamp.eu\/#organization"},"articleSection":["Aktuelles"],"inLanguage":"de"},{"@type":"WebPage","@id":"https:\/\/www.alpcamp.eu\/de\/review-van-hannah-uit-duitsland\/","url":"https:\/\/www.alpcamp.eu\/de\/review-van-hannah-uit-duitsland\/","name":"Review van Hannah uit Duitsland - AlpCamp","isPartOf":{"@id":"https:\/\/www.alpcamp.eu\/#website"},"datePublished":"2020-08-17T11:39:53+00:00","breadcrumb":{"@id":"https:\/\/www.alpcamp.eu\/de\/review-van-hannah-uit-duitsland\/#breadcrumb"},"inLanguage":"de","potentialAction":[{"@type":"ReadAction","target":["https:\/\/www.alpcamp.eu\/de\/review-van-hannah-uit-duitsland\/"]}]},{"@type":"BreadcrumbList","@id":"https:\/\/www.alpcamp.eu\/de\/review-van-hannah-uit-duitsland\/#breadcrumb","itemListElement":[{"@type":"ListItem","position":1,"name":"Home","item":"https:\/\/www.alpcamp.eu\/de\/"},{"@type":"ListItem","position":2,"name":"Review van Hannah uit Duitsland"}]},{"@type":"WebSite","@id":"https:\/\/www.alpcamp.eu\/#website","url":"https:\/\/www.alpcamp.eu\/","name":"AlpCamp","description":"","publisher":{"@id":"https:\/\/www.alpcamp.eu\/#organization"},"potentialAction":[{"@type":"SearchAction","target":{"@type":"EntryPoint","urlTemplate":"https:\/\/www.alpcamp.eu\/?s={search_term_string}"},"query-input":{"@type":"PropertyValueSpecification","valueRequired":true,"valueName":"search_term_string"}}],"inLanguage":"de"},{"@type":"Organization","@id":"https:\/\/www.alpcamp.eu\/#organization","name":"12Camp BV","url":"https:\/\/www.alpcamp.eu\/","logo":{"@type":"ImageObject","inLanguage":"de","@id":"https:\/\/www.alpcamp.eu\/#\/schema\/logo\/image\/","url":"https:\/\/www.alpcamp.eu\/wp-content\/uploads\/2015\/08\/logo-12Campv2.1-01.png","contentUrl":"https:\/\/www.alpcamp.eu\/wp-content\/uploads\/2015\/08\/logo-12Campv2.1-01.png","width":953,"height":337,"caption":"12Camp BV"},"image":{"@id":"https:\/\/www.alpcamp.eu\/#\/schema\/logo\/image\/"},"sameAs":["https:\/\/www.facebook.com\/Alpcamp.eu\/"]},{"@type":"Person","@id":"https:\/\/www.alpcamp.eu\/#\/schema\/person\/64835da4e8bf8a5221ad5fd33fd51c29","name":"Theo van Rossum","image":{"@type":"ImageObject","inLanguage":"de","@id":"https:\/\/secure.gravatar.com\/avatar\/8680f3f0ad814346609d0e6e2f2cd311a6a2e8763c211183eddf19508220d605?s=96&d=mm&r=g","url":"https:\/\/secure.gravatar.com\/avatar\/8680f3f0ad814346609d0e6e2f2cd311a6a2e8763c211183eddf19508220d605?s=96&d=mm&r=g","contentUrl":"https:\/\/secure.gravatar.com\/avatar\/8680f3f0ad814346609d0e6e2f2cd311a6a2e8763c211183eddf19508220d605?s=96&d=mm&r=g","caption":"Theo van Rossum"},"url":"https:\/\/www.alpcamp.eu\/de\/author\/alpcamp\/"}]}},"_links":{"self":[{"href":"https:\/\/www.alpcamp.eu\/de\/wp-json\/wp\/v2\/posts\/3605","targetHints":{"allow":["GET"]}}],"collection":[{"href":"https:\/\/www.alpcamp.eu\/de\/wp-json\/wp\/v2\/posts"}],"about":[{"href":"https:\/\/www.alpcamp.eu\/de\/wp-json\/wp\/v2\/types\/post"}],"author":[{"embeddable":true,"href":"https:\/\/www.alpcamp.eu\/de\/wp-json\/wp\/v2\/users\/2"}],"replies":[{"embeddable":true,"href":"https:\/\/www.alpcamp.eu\/de\/wp-json\/wp\/v2\/comments?post=3605"}],"version-history":[{"count":1,"href":"https:\/\/www.alpcamp.eu\/de\/wp-json\/wp\/v2\/posts\/3605\/revisions"}],"predecessor-version":[{"id":3606,"href":"https:\/\/www.alpcamp.eu\/de\/wp-json\/wp\/v2\/posts\/3605\/revisions\/3606"}],"wp:attachment":[{"href":"https:\/\/www.alpcamp.eu\/de\/wp-json\/wp\/v2\/media?parent=3605"}],"wp:term":[{"taxonomy":"category","embeddable":true,"href":"https:\/\/www.alpcamp.eu\/de\/wp-json\/wp\/v2\/categories?post=3605"},{"taxonomy":"post_tag","embeddable":true,"href":"https:\/\/www.alpcamp.eu\/de\/wp-json\/wp\/v2\/tags?post=3605"}],"curies":[{"name":"wp","href":"https:\/\/api.w.org\/{rel}","templated":true}]}}